{"id":936,"date":"2014-05-13T21:00:46","date_gmt":"2014-05-13T20:00:46","guid":{"rendered":"http:\/\/www.gaztenpresa.org\/?p=936"},"modified":"2025-02-04T16:40:45","modified_gmt":"2025-02-04T15:40:45","slug":"enpleguaren-inguruko-gizarte-berrikuntzari-buruzko-lehen-saioa-accentureren-eskutik","status":"publish","type":"post","link":"https:\/\/gaztenpresa.org\/eu\/enpleguaren-inguruko-gizarte-berrikuntzari-buruzko-lehen-saioa-accentureren-eskutik\/","title":{"rendered":"Enpleguaren inguruko Gizarte Berrikuntzari buruzko lehen saioa Accentureren eskutik"},"content":{"rendered":"<p>Accenturek enpleguaren inguruko Gizarte Berrikuntzako lehen saioa antolatu du Madrilen, <i>Juntos por el Empleo de los m\u00e1s vulnerables<\/i> (Batera ahulenen enpleguren alde) ekimenaren <\/p>\n<p> barruan. Saioa datorren maiatzaren 20an egingo da Bot\u00edn Fundazioaren auditorioan, Madrilgo Castell\u00f3 kaleko 18 bis atarian, 9:30etik 12:30era.<\/p>\n<p>Gizarte-ekintzaile talde batek bertatik bertara emango du beraien berrikuntzen berri:<\/p>\n<ul>\n<li> Sa\u00efd Hammouche (Frantzia): &#8220;MOSA\u00cfK HR&#8221;, aniztasunaren trebetasuna Giza Baliabideen zerbitzura (Ashoka)<\/li>\n<li> Guillaume Bapst (Frantzia): &#8220;ANDESeko supermerkatu solidarioak&#8221; (Ashoka)<\/li>\n<li>Francesc Sistach (Espainia): &#8220;Specialisterne Spain&#8221; (Ashoka)<\/li>\n<li> Peridis (Espainia): &#8220;Enpleguko eta Ekintzailetza Solidarioko anezkak&#8221; (Santa Mar\u00eda La Real Fundazioa)<\/li>\n<li> Miquel de Paladella (Espainia): &#8220;Eskola autoiraunkorrak, Martin Burt&#8221; eta &#8220;Hurbiltasuneko mikroinbertitzaileak, Clubs Cigales&#8221; (UpSocial)<\/li>\n<li> Ana Bella Est\u00e9vez (Espainia): &#8220;Emakumeak Ahalduntzeko Ana Bella Eskola&#8221; (Ana Bella Fundazioa)<\/li>\n<\/ul>\n<p>Har itzazu inspirazio-iturritzat! Ekitaldira etorri nahi baduzu bidal ezazu mezu elektronikoa honako helbide honetara: juntosporelempleo@accenture.com<\/p>\n","protected":false},"excerpt":{"rendered":"<p>Accenturek enpleguaren inguruko Gizarte Berrikuntzako lehen saioa antolatu du Madrilen, Juntos por el Empleo de los m\u00e1s vulnerables (Batera ahulenen enpleguren alde) ekimenaren barruan. Saioa datorren maiatzaren 20an egingo da Bot\u00edn Fundazioaren auditorioan, Madrilgo Castell\u00f3 kaleko 18 bis atarian, 9:30etik 12:30era. Gizarte-ekintzaile talde batek bertatik bertara emango du beraien berrikuntzen berri: Sa\u00efd Hammouche (Frantzia): &#8220;MOSA\u00cfK [&hellip;]<\/p>\n","protected":false},"author":7,"featured_media":934,"comment_status":"open","ping_status":"open","sticky":false,"template":"","format":"standard","meta":{"footnotes":""},"categories":[2474,2484],"tags":[],"yst_prominent_words":[1126,1218,1020],"class_list":["post-936","post","type-post","status-publish","format-standard","has-post-thumbnail","hentry","category-nola-hasi-nire-negozioa","category-nola-hobetu-nire-negozioa"],"_links":{"self":[{"href":"https:\/\/gaztenpresa.org\/eu\/wp-json\/wp\/v2\/posts\/936","targetHints":{"allow":["GET"]}}],"collection":[{"href":"https:\/\/gaztenpresa.org\/eu\/wp-json\/wp\/v2\/posts"}],"about":[{"href":"https:\/\/gaztenpresa.org\/eu\/wp-json\/wp\/v2\/types\/post"}],"author":[{"embeddable":true,"href":"https:\/\/gaztenpresa.org\/eu\/wp-json\/wp\/v2\/users\/7"}],"replies":[{"embeddable":true,"href":"https:\/\/gaztenpresa.org\/eu\/wp-json\/wp\/v2\/comments?post=936"}],"version-history":[{"count":0,"href":"https:\/\/gaztenpresa.org\/eu\/wp-json\/wp\/v2\/posts\/936\/revisions"}],"wp:featuredmedia":[{"embeddable":true,"href":"https:\/\/gaztenpresa.org\/eu\/wp-json\/"}],"wp:attachment":[{"href":"https:\/\/gaztenpresa.org\/eu\/wp-json\/wp\/v2\/media?parent=936"}],"wp:term":[{"taxonomy":"category","embeddable":true,"href":"https:\/\/gaztenpresa.org\/eu\/wp-json\/wp\/v2\/categories?post=936"},{"taxonomy":"post_tag","embeddable":true,"href":"https:\/\/gaztenpresa.org\/eu\/wp-json\/wp\/v2\/tags?post=936"},{"taxonomy":"yst_prominent_words","embeddable":true,"href":"https:\/\/gaztenpresa.org\/eu\/wp-json\/wp\/v2\/yst_prominent_words?post=936"}],"curies":[{"name":"wp","href":"https:\/\/api.w.org\/{rel}","templated":true}]}}